{"id":9708,"date":"2022-04-05T16:44:26","date_gmt":"2022-04-05T14:44:26","guid":{"rendered":"https:\/\/www.euronat.com\/non-classifiee\/le-phare-de-richard-la-sentinelle-du-fleuve\/"},"modified":"2026-02-03T13:59:12","modified_gmt":"2026-02-03T12:59:12","slug":"richards-leuchtturm-der-waechter-des-flusses","status":"publish","type":"post","link":"https:\/\/www.euronat.com\/de\/tourismus-in-der-umgebung-von-euronat\/richards-leuchtturm-der-waechter-des-flusses\/","title":{"rendered":"Richards Leuchtturm, der W\u00e4chter des Flusses"},"content":{"rendered":"\n<blockquote class=\"wp-block-quote has-contrast-2-color has-text-color has-link-color wp-elements-c5d63698dba46444a419570654b27470 is-layout-flow wp-block-quote-is-layout-flow\" style=\"margin-top:var(--wp--preset--spacing--10);margin-right:0rem;margin-bottom:var(--wp--preset--spacing--40);margin-left:0rem;padding-top:var(--wp--preset--spacing--20);padding-right:var(--wp--preset--spacing--20);padding-bottom:var(--wp--preset--spacing--20);padding-left:var(--wp--preset--spacing--20)\">\n<p class=\"has-text-align-center has-medium-font-size\" style=\"padding-top:0;padding-right:0;padding-bottom:0;padding-left:0\"><em>Der Leuchtturm von Richard am Rande der M\u00fcndung ist einen Besuch wert! Diese Oase der Ruhe ist ideal f\u00fcr einen Spaziergang und eine Picknickpause. Der Leuchtturm kann besichtigt werden und die Besichtigung ist sehr interessant, ganz zu schweigen von der au\u00dfergew\u00f6hnlichen Aussicht, die man von oben hat. Der Leuchtturm von Richard liegt am M\u00e9doc-Ufer der M\u00fcndung bei Jau-Dignac und Loirac.   <\/em><\/p>\n\n\n\n<p class=\"has-text-align-center has-contrast-2-color has-text-color has-link-color has-large-font-size wp-elements-d8a74799e706f6be8110e41fd75099ff\" style=\"padding-top:var(--wp--preset--spacing--30);padding-right:0;padding-bottom:var(--wp--preset--spacing--10);font-style:normal;font-weight:500;text-transform:uppercase\">Der Leuchtturm von Richard, ein Leuchtturm an der M\u00fcndung.<\/p>\n<\/blockquote>\n\n<figure class=\"wp-block-image aligncenter size-full\" style=\"margin-top:var(--wp--preset--spacing--20);margin-bottom:var(--wp--preset--spacing--30)\"><img decoding=\"async\" width=\"2000\" height=\"1333\" src=\"https:\/\/www.euronat.com\/wp-content\/uploads\/2026\/01\/Le-phare-de-Richard-1.jpg\" alt=\"Richards Leuchtturm\" class=\"wp-image-4827\" style=\"aspect-ratio:3\/2;object-fit:cover\" srcset=\"https:\/\/www.euronat.com\/wp-content\/uploads\/2026\/01\/Le-phare-de-Richard-1.jpg 2000w, https:\/\/www.euronat.com\/wp-content\/uploads\/2026\/01\/Le-phare-de-Richard-1-300x200.jpg 300w, https:\/\/www.euronat.com\/wp-content\/uploads\/2026\/01\/Le-phare-de-Richard-1-1024x682.jpg 1024w, https:\/\/www.euronat.com\/wp-content\/uploads\/2026\/01\/Le-phare-de-Richard-1-768x512.jpg 768w, https:\/\/www.euronat.com\/wp-content\/uploads\/2026\/01\/Le-phare-de-Richard-1-1536x1024.jpg 1536w\" sizes=\"(max-width: 2000px) 100vw, 2000px\" \/><\/figure>\n\n<p class=\"has-accent-5-color has-text-color has-link-color has-large-font-size wp-elements-ddef5293601589debe4ddea4d8505f56\" style=\"padding-top:var(--wp--preset--spacing--10);padding-right:0;padding-bottom:var(--wp--preset--spacing--10);font-style:normal;font-weight:500;text-transform:none\">Zoom auf einen Fluss-Leuchtturm<\/p>\n\n<p>Die Halbinsel M\u00e9doc ist eine Region des Wassers. An den Ufern der M\u00fcndung gibt es viele Leuchtt\u00fcrme. Sie markierten die Flussschifffahrt, bevor sie durch Bojen ersetzt wurden. Der Leuchtturm von Richard ist daher nicht mehr in Betrieb, aber <a href=\"http:\/\/www.phare-richard.com\/\" target=\"_blank\" rel=\"noreferrer noopener nofollow\">ein dynamischer Verein hat ihn wieder zum Leben erweckt<\/a>. Der Leuchtturm von Richard ist jetzt ein geselliger Ort.    <\/p>\n\n<p><\/p>\n\n<p class=\"has-accent-5-color has-text-color has-link-color has-large-font-size wp-elements-ecf1778696910a680da2bc036bbeda7b\" style=\"padding-top:var(--wp--preset--spacing--10);padding-right:0;padding-bottom:var(--wp--preset--spacing--10);font-style:normal;font-weight:500;text-transform:none\">Geschichte<\/p>\n\n<p>Die Produktion von Gambas ist im M\u00e9doc relativ neu. Die ehemaligen Salzg\u00e4rten von Verdon, Talais und St. Vivien de M\u00e9doc wurden zu neuem Leben erweckt. <\/p>\n\n<p>Der Leuchtturm von Richard wurde 1843 gebaut, um einen Baum zu ersetzen, der durch einen Sturm gef\u00e4llt worden war und den Seefahrern als Ankerplatz diente. Er wurde schnell zu einem beliebten Treffpunkt und Festplatz f\u00fcr die Einwohner der Gemeinde. <\/p>\n\n<p>Der Leuchtturm war zu klein und wurde 1870 durch einen Metallturm ersetzt, der direkt daneben errichtet wurde.<\/p>\n\n<p>Im Jahr 1953 wurde der Leuchtturm wegen der Betonnung der Flussm\u00fcndung abgeschaltet.<\/p>\n\n<p>Der Leuchtturm von Richard wurde vernachl\u00e4ssigt, ein Privatmann kaufte ihn, unterhielt ihn aber nicht. Die Gemeinde kaufte den Leuchtturm schlie\u00dflich 1982, musste aber umfangreiche Arbeiten durchf\u00fchren, da der Leuchtturm so besch\u00e4digt war. Mit der Unterst\u00fctzung eines Vereins wurden die Arbeiten durchgef\u00fchrt.  <\/p>\n\n<figure class=\"wp-block-image aligncenter size-full\" style=\"margin-top:var(--wp--preset--spacing--20);margin-bottom:var(--wp--preset--spacing--30)\"><img decoding=\"async\" width=\"2000\" height=\"1334\" src=\"https:\/\/www.euronat.com\/wp-content\/uploads\/2026\/01\/Le-carrelet-du-phare.jpg\" alt=\"Der Kutter am Leuchtturm\" class=\"wp-image-4821\" style=\"aspect-ratio:3\/2;object-fit:cover\" srcset=\"https:\/\/www.euronat.com\/wp-content\/uploads\/2026\/01\/Le-carrelet-du-phare.jpg 2000w, https:\/\/www.euronat.com\/wp-content\/uploads\/2026\/01\/Le-carrelet-du-phare-300x200.jpg 300w, https:\/\/www.euronat.com\/wp-content\/uploads\/2026\/01\/Le-carrelet-du-phare-1024x683.jpg 1024w, https:\/\/www.euronat.com\/wp-content\/uploads\/2026\/01\/Le-carrelet-du-phare-768x512.jpg 768w, https:\/\/www.euronat.com\/wp-content\/uploads\/2026\/01\/Le-carrelet-du-phare-1536x1025.jpg 1536w\" sizes=\"(max-width: 2000px) 100vw, 2000px\" \/><\/figure>\n\n<p class=\"has-accent-5-color has-text-color has-link-color has-large-font-size wp-elements-b379ba91d9096bd7abc72d33e314f4ec\" style=\"padding-top:var(--wp--preset--spacing--10);padding-right:0;padding-bottom:var(--wp--preset--spacing--10);font-style:normal;font-weight:500;text-transform:none\">Im Leuchtturm von Richard k\u00f6nnen Sie :<\/p>\n\n<ul style=\"padding-left:var(--wp--preset--spacing--20)\" class=\"wp-block-list\">\n<li>Der Leuchtturm, nat\u00fcrlich mit seinem Panoramablick auf das M\u00e9doc und die K\u00fcste der Charente.<\/li>\n\n\n\n<li>Der Orientierungstisch mit Blick auf die Flussm\u00fcndung<\/li>\n\n\n\n<li>Das Austern- und Fischereimuseum<\/li>\n\n\n\n<li>Ein Museum der Leuchtt\u00fcrme und Seezeichen<\/li>\n\n\n\n<li>Ein Lotsenboot (ein Boot, das die Lotsen auf die Schiffe bringt, die in die Fahrrinne einfahren oder diese verlassen)<\/li>\n\n\n\n<li>Ein Karree (Fischerh\u00fctte)<\/li>\n\n\n\n<li>Das 1\/10\u00b0-Modell des Metallturms<\/li>\n<\/ul>\n\n<p class=\"has-accent-5-color has-text-color has-link-color has-large-font-size wp-elements-2d94016906b2041b826726b56a61e57c\" style=\"padding-top:var(--wp--preset--spacing--10);padding-right:0;padding-bottom:var(--wp--preset--spacing--10);font-style:normal;font-weight:500;text-transform:none\">Ein Ort der Freizeitgestaltung<\/p>\n\n<p>Aber der Leuchtturm ist nicht nur ein Ort der Kultur.<\/p>\n\n<p>Hier kann man ein<strong> Picknick<\/strong> machen, einen <strong>Spaziergang<\/strong> machen oder<strong> angeln<\/strong>. Am Fu\u00dfe des Leuchtturms werden Feste gefeiert, mit<strong> organisierten Mahlzeiten<\/strong> oder <strong>Flohm\u00e4rkten<\/strong>&#8230; Der Leuchtturm nimmt dann die Atmosph\u00e4re der Feste aus dem 19. Das Hafenfest von Richard, das Leuchtturmfest und die Nacht der Schollen finden jeden Sommer im August statt.  <\/p>\n\n<p>Hier k\u00f6nnen Sie in der Guinguette du Phare essen, die in der Saison den ganzen Tag ge\u00f6ffnet ist und einfache, lokale K\u00fcche bietet. Reservierung unter 05 56 67 15 21. <\/p>\n\n<p><\/p>\n\n<p>In der Umgebung des Leuchtturms k\u00f6nnen Sie spazieren gehen, <strong>reiten<\/strong> oder <strong>Fahrrad fahren<\/strong>. Es gibt einen <strong>Spielplatz f\u00fcr Kinder<\/strong> und Tische, warum also nicht die Seele baumeln lassen an diesem geselligen und typischen Ort an der Spitze des M\u00e9doc? <\/p>\n\n<p><\/p>\n\n<p><strong>Der Leuchtturm von Richard ist weniger als 20 km von<a href=\"https:\/\/www.euronat.com\/de\/\" data-type=\"page\" data-id=\"5\">Euronat<\/a> entfernt<\/strong>, eine Gelegenheit, von der K\u00fcste zur M\u00fcndung zu gelangen, den zwei Seiten unserer Halbinsel.<\/p>\n\n<div style=\"height:43px\" aria-hidden=\"true\" class=\"wp-block-spacer gt-hide-mobile\"><\/div>\n\n<iframe src=\"https:\/\/www.google.com\/maps\/embed?pb=!1m28!1m12!1m3!1d89544.1892327743!2d-1.0624584373109578!3d45.46464848526743!2m3!1f0!2f0!3f0!3m2!1i1024!2i768!4f13.1!4m13!3e6!4m5!1s0x48018f19d8ab5ca7%3A0x97b0b1db8d8a3033!2sEuronat%20Centre%20naturiste%2C%20Route%20de%20D%C3%A9p%C3%A9e%2C%20Grayan-et-l'H%C3%B4pital!3m2!1d45.4161499!2d-1.1295598999999998!4m5!1s0x480196ffd6b76c2f%3A0x885e6ad931fcce4c!2sPhare%20de%20Richard%209%20passe%20du%20phare%2033590%20Jau-Dignac-et-Loirac%20France!3m2!1d45.4395306!2d-0.9319436!5e0!3m2!1sfr!2sfr!4v1768290668817!5m2!1sfr!2sfr\" width=\"100%\" height=\"450\" style=\"border:0;\" allowfullscreen=\"\" loading=\"lazy\" referrerpolicy=\"no-referrer-when-downgrade\"><\/iframe>\n","protected":false},"excerpt":{"rendered":"<p>Der Leuchtturm von Richard am Rande der M\u00fcndung ist einen Besuch wert! Diese Oase der Ruhe ist ideal f\u00fcr einen Spaziergang und eine Picknickpause. Der Leuchtturm kann besichtigt werden und die Besichtigung ist sehr interessant, ganz zu schweigen von der au\u00dfergew\u00f6hnlichen Aussicht, die man von oben hat. Der Leuchtturm von Richard liegt am M\u00e9doc-Ufer der [&hellip;]<\/p>\n","protected":false},"author":5,"featured_media":4818,"comment_status":"closed","ping_status":"closed","sticky":false,"template":"","format":"standard","meta":{"_seopress_robots_primary_cat":"none","_seopress_titles_title":"Der Leuchtturm von Richard in unmittelbarer N\u00e4he des FKK-Dorfes Euronat","_seopress_titles_desc":"Der Leuchtturm von Richard ist ein Leuchtturm, der sich in Jau-Dignac und Loirac befindet. Er ist einer der vielen Leuchtt\u00fcrme, die die Girondem\u00fcndung s\u00e4umen. ","_seopress_robots_index":"","_gt_ctv_global_id":"274","_gt_ctv_id_group":false,"inline_featured_image":false,"gt_fse_maillage_image":"https:\/\/www.euronat.com\/wp-content\/uploads\/2026\/01\/Le-phare-de-Richard.jpg","gt_fse_maillage_titre":"Richards Leuchtturm","gt_fse_maillage_alt":"Richards Leuchtturm","gt_fse_maillage_resume":"","footnotes":""},"categories":[140],"tags":[],"class_list":["post-9708","post","type-post","status-publish","format-standard","has-post-thumbnail","hentry","category-tourismus-in-der-umgebung-von-euronat"],"_links":{"self":[{"href":"https:\/\/www.euronat.com\/de\/wp-json\/wp\/v2\/posts\/9708","targetHints":{"allow":["GET"]}}],"collection":[{"href":"https:\/\/www.euronat.com\/de\/wp-json\/wp\/v2\/posts"}],"about":[{"href":"https:\/\/www.euronat.com\/de\/wp-json\/wp\/v2\/types\/post"}],"author":[{"embeddable":true,"href":"https:\/\/www.euronat.com\/de\/wp-json\/wp\/v2\/users\/5"}],"replies":[{"embeddable":true,"href":"https:\/\/www.euronat.com\/de\/wp-json\/wp\/v2\/comments?post=9708"}],"version-history":[{"count":3,"href":"https:\/\/www.euronat.com\/de\/wp-json\/wp\/v2\/posts\/9708\/revisions"}],"predecessor-version":[{"id":9834,"href":"https:\/\/www.euronat.com\/de\/wp-json\/wp\/v2\/posts\/9708\/revisions\/9834"}],"wp:featuredmedia":[{"embeddable":true,"href":"https:\/\/www.euronat.com\/de\/wp-json\/wp\/v2\/media\/4818"}],"wp:attachment":[{"href":"https:\/\/www.euronat.com\/de\/wp-json\/wp\/v2\/media?parent=9708"}],"wp:term":[{"taxonomy":"category","embeddable":true,"href":"https:\/\/www.euronat.com\/de\/wp-json\/wp\/v2\/categories?post=9708"},{"taxonomy":"post_tag","embeddable":true,"href":"https:\/\/www.euronat.com\/de\/wp-json\/wp\/v2\/tags?post=9708"}],"curies":[{"name":"wp","href":"https:\/\/api.w.org\/{rel}","templated":true}]}}