{"id":9704,"date":"2022-04-05T16:44:26","date_gmt":"2022-04-05T14:44:26","guid":{"rendered":"https:\/\/www.euronat.com\/non-classifiee\/le-phare-de-richard-la-sentinelle-du-fleuve\/"},"modified":"2026-02-03T13:59:17","modified_gmt":"2026-02-03T12:59:17","slug":"el-faro-de-ricardo-centinela-del-rio","status":"publish","type":"post","link":"https:\/\/www.euronat.com\/es\/turismo-por-euronat\/el-faro-de-ricardo-centinela-del-rio\/","title":{"rendered":"El faro de Ricardo, centinela del r\u00edo"},"content":{"rendered":"\n<blockquote class=\"wp-block-quote has-contrast-2-color has-text-color has-link-color wp-elements-ef2231bc9d2991c10fa520e73dc1d3ac is-layout-flow wp-block-quote-is-layout-flow\" style=\"margin-top:var(--wp--preset--spacing--10);margin-right:0rem;margin-bottom:var(--wp--preset--spacing--40);margin-left:0rem;padding-top:var(--wp--preset--spacing--20);padding-right:var(--wp--preset--spacing--20);padding-bottom:var(--wp--preset--spacing--20);padding-left:var(--wp--preset--spacing--20)\">\n<p class=\"has-text-align-center has-medium-font-size\" style=\"padding-top:0;padding-right:0;padding-bottom:0;padding-left:0\"><em>Al borde del estuario, \u00a1merece la pena visitar el faro Richard! Este remanso de paz es ideal para pasear y hacer un picnic. Merece la pena visitar el faro, por no hablar de la excepcional vista que hay desde lo alto. El faro Richard se encuentra en el lado del estuario del M\u00e9doc, en Jau-Dignac y Loirac.   <\/em><\/p>\n\n\n\n<p class=\"has-text-align-center has-contrast-2-color has-text-color has-link-color has-large-font-size wp-elements-c1ac4db6b3a2f6c18ff1dfd0adf35b41\" style=\"padding-top:var(--wp--preset--spacing--30);padding-right:0;padding-bottom:var(--wp--preset--spacing--10);font-style:normal;font-weight:500;text-transform:uppercase\">El faro Richard, un faro en el estuario.<\/p>\n<\/blockquote>\n\n<figure class=\"wp-block-image aligncenter size-full\" style=\"margin-top:var(--wp--preset--spacing--20);margin-bottom:var(--wp--preset--spacing--30)\"><img decoding=\"async\" width=\"2000\" height=\"1333\" src=\"https:\/\/www.euronat.com\/wp-content\/uploads\/2026\/01\/Le-phare-de-Richard-1.jpg\" alt=\"El faro de Richard\" class=\"wp-image-4827\" style=\"aspect-ratio:3\/2;object-fit:cover\" srcset=\"https:\/\/www.euronat.com\/wp-content\/uploads\/2026\/01\/Le-phare-de-Richard-1.jpg 2000w, https:\/\/www.euronat.com\/wp-content\/uploads\/2026\/01\/Le-phare-de-Richard-1-300x200.jpg 300w, https:\/\/www.euronat.com\/wp-content\/uploads\/2026\/01\/Le-phare-de-Richard-1-1024x682.jpg 1024w, https:\/\/www.euronat.com\/wp-content\/uploads\/2026\/01\/Le-phare-de-Richard-1-768x512.jpg 768w, https:\/\/www.euronat.com\/wp-content\/uploads\/2026\/01\/Le-phare-de-Richard-1-1536x1024.jpg 1536w\" sizes=\"(max-width: 2000px) 100vw, 2000px\" \/><\/figure>\n\n<p class=\"has-accent-5-color has-text-color has-link-color has-large-font-size wp-elements-1114680230e7bb17c0f93ce8cf761c9b\" style=\"padding-top:var(--wp--preset--spacing--10);padding-right:0;padding-bottom:var(--wp--preset--spacing--10);font-style:normal;font-weight:500;text-transform:none\">Centrarse en un faro fluvial<\/p>\n\n<p>La pen\u00ednsula del M\u00e9doc es una regi\u00f3n de agua. Hay muchos faros en las orillas del estuario. Sol\u00edan marcar el camino para la navegaci\u00f3n fluvial antes de que las boyas los sustituyeran. El faro Richard ya no se utiliza, pero <a href=\"http:\/\/www.phare-richard.com\/\" target=\"_blank\" rel=\"noreferrer noopener nofollow\">una asociaci\u00f3n din\u00e1mica le ha dado un nuevo impulso<\/a>. El faro Richard es ahora un lugar acogedor para visitar.    <\/p>\n\n<p><\/p>\n\n<p class=\"has-accent-5-color has-text-color has-link-color has-large-font-size wp-elements-296d6ae7aa4e2c45334ce4ff249245f0\" style=\"padding-top:var(--wp--preset--spacing--10);padding-right:0;padding-bottom:var(--wp--preset--spacing--10);font-style:normal;font-weight:500;text-transform:none\">Historia<\/p>\n\n<p>La producci\u00f3n de gambas es relativamente reciente en el M\u00e9doc. Las antiguas salinas de Verdon, Talais y St Vivien de M\u00e9doc han cobrado nueva vida. <\/p>\n\n<p>El faro de Richard se construy\u00f3 en 1843 para sustituir a un \u00e1rbol derribado por una tormenta, y los navegantes lo utilizaban como dique. Pronto se convirti\u00f3 en un popular lugar de reuni\u00f3n y fiesta para la poblaci\u00f3n local. <\/p>\n\n<p>El faro, demasiado peque\u00f1o, fue sustituido en 1870 por una torre met\u00e1lica erigida al lado.<\/p>\n\n<p>En 1953, el balizamiento de la r\u00eda provoc\u00f3 la extinci\u00f3n del faro.<\/p>\n\n<p>El faro de Richard fue abandonado, y un propietario privado lo compr\u00f3 pero no lo mantuvo. Finalmente, el ayuntamiento compr\u00f3 el faro en 1982, pero tuvo que realizar grandes obras porque estaba muy deteriorado. Las obras se llevaron a cabo con el apoyo de una asociaci\u00f3n.  <\/p>\n\n<figure class=\"wp-block-image aligncenter size-full\" style=\"margin-top:var(--wp--preset--spacing--20);margin-bottom:var(--wp--preset--spacing--30)\"><img decoding=\"async\" width=\"2000\" height=\"1334\" src=\"https:\/\/www.euronat.com\/wp-content\/uploads\/2026\/01\/Le-carrelet-du-phare.jpg\" alt=\"La solla del faro\" class=\"wp-image-4821\" style=\"aspect-ratio:3\/2;object-fit:cover\" srcset=\"https:\/\/www.euronat.com\/wp-content\/uploads\/2026\/01\/Le-carrelet-du-phare.jpg 2000w, https:\/\/www.euronat.com\/wp-content\/uploads\/2026\/01\/Le-carrelet-du-phare-300x200.jpg 300w, https:\/\/www.euronat.com\/wp-content\/uploads\/2026\/01\/Le-carrelet-du-phare-1024x683.jpg 1024w, https:\/\/www.euronat.com\/wp-content\/uploads\/2026\/01\/Le-carrelet-du-phare-768x512.jpg 768w, https:\/\/www.euronat.com\/wp-content\/uploads\/2026\/01\/Le-carrelet-du-phare-1536x1025.jpg 1536w\" sizes=\"(max-width: 2000px) 100vw, 2000px\" \/><\/figure>\n\n<p class=\"has-accent-5-color has-text-color has-link-color has-large-font-size wp-elements-84209c690ff43573d471ce34164f56de\" style=\"padding-top:var(--wp--preset--spacing--10);padding-right:0;padding-bottom:var(--wp--preset--spacing--10);font-style:normal;font-weight:500;text-transform:none\">En el faro Richard, puedes visitar :<\/p>\n\n<ul style=\"padding-left:var(--wp--preset--spacing--20)\" class=\"wp-block-list\">\n<li>El faro, por supuesto, con su vista panor\u00e1mica del M\u00e9doc y de la costa de la Charente<\/li>\n\n\n\n<li>La mesa de orientaci\u00f3n con vistas a la r\u00eda<\/li>\n\n\n\n<li>El museo de la ostricultura y la pesca<\/li>\n\n\n\n<li>Un museo de faros y balizas<\/li>\n\n\n\n<li>Un barco piloto (una lancha que lleva pilotos a los barcos que entran o salen del canal de navegaci\u00f3n)<\/li>\n\n\n\n<li>Una caba\u00f1a de pesca<\/li>\n\n\n\n<li>El modelo a escala 1\/10 de la torre met\u00e1lica<\/li>\n<\/ul>\n\n<p class=\"has-accent-5-color has-text-color has-link-color has-large-font-size wp-elements-93aa58a7c90907310bf1158bf7faf682\" style=\"padding-top:var(--wp--preset--spacing--10);padding-right:0;padding-bottom:var(--wp--preset--spacing--10);font-style:normal;font-weight:500;text-transform:none\">Un lugar para el ocio<\/p>\n\n<p>Pero el faro no es s\u00f3lo un lugar de cultura.<\/p>\n\n<p>Puedes<strong> ir de picnic<\/strong>, <strong>pasear<\/strong> o<strong> pescar<\/strong>. Al pie del faro se celebran fiestas, con<strong> comidas organizadas<\/strong> o <strong>mercadillos<\/strong>&#8230; El faro adquiere el aire de las fiestas del siglo XIX. La fiesta del puerto de Richard, la fiesta del faro y la noche de los carrelets se celebran todos los veranos en agosto.  <\/p>\n\n<p>Puedes comer en la \u00abguinguette du Phare\u00bb, abierta todo el d\u00eda en temporada, que ofrece cocina sencilla y local. Reserva en el 05 56 67 15 21. <\/p>\n\n<p><\/p>\n\n<p>La zona que rodea el faro es ideal para <strong>pasear a pie, a caballo<\/strong> o <strong>en bicicleta<\/strong>. Hay una zona de <strong>juegos para ni\u00f1os<\/strong> y mesas, as\u00ed que \u00bfpor qu\u00e9 no dejas vagar tu mente en este acogedor y t\u00edpico lugar de la Pointe du M\u00e9doc? <\/p>\n\n<p><\/p>\n\n<p><strong>El faro Richard est\u00e1 a menos de 20 km de<a href=\"https:\/\/www.euronat.com\/es\/\" data-type=\"page\" data-id=\"5\">Euronat<\/a><\/strong>, lo que te permite pasar de la costa a la r\u00eda, las dos facetas de nuestra pen\u00ednsula.<\/p>\n\n<div style=\"height:43px\" aria-hidden=\"true\" class=\"wp-block-spacer gt-hide-mobile\"><\/div>\n\n<iframe src=\"https:\/\/www.google.com\/maps\/embed?pb=!1m28!1m12!1m3!1d89544.1892327743!2d-1.0624584373109578!3d45.46464848526743!2m3!1f0!2f0!3f0!3m2!1i1024!2i768!4f13.1!4m13!3e6!4m5!1s0x48018f19d8ab5ca7%3A0x97b0b1db8d8a3033!2sEuronat%20Centre%20naturiste%2C%20Route%20de%20D%C3%A9p%C3%A9e%2C%20Grayan-et-l'H%C3%B4pital!3m2!1d45.4161499!2d-1.1295598999999998!4m5!1s0x480196ffd6b76c2f%3A0x885e6ad931fcce4c!2sPhare%20de%20Richard%209%20passe%20du%20phare%2033590%20Jau-Dignac-et-Loirac%20France!3m2!1d45.4395306!2d-0.9319436!5e0!3m2!1sfr!2sfr!4v1768290668817!5m2!1sfr!2sfr\" width=\"100%\" height=\"450\" style=\"border:0;\" allowfullscreen=\"\" loading=\"lazy\" referrerpolicy=\"no-referrer-when-downgrade\"><\/iframe>\n","protected":false},"excerpt":{"rendered":"<p>Al borde del estuario, \u00a1merece la pena visitar el faro Richard! Este remanso de paz es ideal para pasear y hacer un picnic. Merece la pena visitar el faro, por no hablar de la excepcional vista que hay desde lo alto. El faro Richard se encuentra en el lado del estuario del M\u00e9doc, en Jau-Dignac [&hellip;]<\/p>\n","protected":false},"author":5,"featured_media":4819,"comment_status":"closed","ping_status":"closed","sticky":false,"template":"","format":"standard","meta":{"_seopress_robots_primary_cat":"none","_seopress_titles_title":"El faro Richard a dos pasos del pueblo naturista Euronat","_seopress_titles_desc":"El faro Richard est\u00e1 situado en Jau-Dignac y Loirac. Es uno de los muchos faros que hay a lo largo del estuario de la Gironda. ","_seopress_robots_index":"","_gt_ctv_global_id":"274","_gt_ctv_id_group":false,"inline_featured_image":false,"gt_fse_maillage_image":"https:\/\/www.euronat.com\/wp-content\/uploads\/2026\/01\/Le-phare-de-Richard.jpg","gt_fse_maillage_titre":"El faro de Richard","gt_fse_maillage_alt":"El faro de Richard","gt_fse_maillage_resume":"","footnotes":""},"categories":[143],"tags":[],"class_list":["post-9704","post","type-post","status-publish","format-standard","has-post-thumbnail","hentry","category-turismo-por-euronat"],"_links":{"self":[{"href":"https:\/\/www.euronat.com\/es\/wp-json\/wp\/v2\/posts\/9704","targetHints":{"allow":["GET"]}}],"collection":[{"href":"https:\/\/www.euronat.com\/es\/wp-json\/wp\/v2\/posts"}],"about":[{"href":"https:\/\/www.euronat.com\/es\/wp-json\/wp\/v2\/types\/post"}],"author":[{"embeddable":true,"href":"https:\/\/www.euronat.com\/es\/wp-json\/wp\/v2\/users\/5"}],"replies":[{"embeddable":true,"href":"https:\/\/www.euronat.com\/es\/wp-json\/wp\/v2\/comments?post=9704"}],"version-history":[{"count":3,"href":"https:\/\/www.euronat.com\/es\/wp-json\/wp\/v2\/posts\/9704\/revisions"}],"predecessor-version":[{"id":9836,"href":"https:\/\/www.euronat.com\/es\/wp-json\/wp\/v2\/posts\/9704\/revisions\/9836"}],"wp:featuredmedia":[{"embeddable":true,"href":"https:\/\/www.euronat.com\/es\/wp-json\/wp\/v2\/media\/4819"}],"wp:attachment":[{"href":"https:\/\/www.euronat.com\/es\/wp-json\/wp\/v2\/media?parent=9704"}],"wp:term":[{"taxonomy":"category","embeddable":true,"href":"https:\/\/www.euronat.com\/es\/wp-json\/wp\/v2\/categories?post=9704"},{"taxonomy":"post_tag","embeddable":true,"href":"https:\/\/www.euronat.com\/es\/wp-json\/wp\/v2\/tags?post=9704"}],"curies":[{"name":"wp","href":"https:\/\/api.w.org\/{rel}","templated":true}]}}